{"id":4853,"date":"2015-12-04T20:21:44","date_gmt":"2015-12-04T19:21:44","guid":{"rendered":"http:\/\/archers-odet.com\/WordPress-AO\/?p=4853"},"modified":"2020-08-14T21:11:21","modified_gmt":"2020-08-14T19:11:21","slug":"une-archere-laureat-des-trophees-sportifs-de-la-ville-de-quimper","status":"publish","type":"post","link":"https:\/\/archers-odet.com\/WordPress-AO\/vie\/une-archere-laureat-des-trophees-sportifs-de-la-ville-de-quimper\/","title":{"rendered":"Une arch\u00e8re laur\u00e9ate des troph\u00e9es sportifs de la ville de Quimper"},"content":{"rendered":"<p>Le 27 novembre 2015, lors de la c\u00e9r\u00e9monie des troph\u00e9es sportifs de la ville de Quimper, Brigitte NEDELEC, l&rsquo;infaillible secr\u00e9taire de la Compagnie des Archers de l&rsquo;Odet a \u00e9t\u00e9 r\u00e9compens\u00e9e pour son engagement au sein du club.<\/p>\n<p>Cette m\u00e9daille d&rsquo;or dans la cat\u00e9gorie \u00ab\u00a0dirigeant\u00a0\u00bb vient couronner ses 25 ans d&rsquo;engagement et de d\u00e9vouement au sein du club des Archers de l&rsquo;Odet. C&rsquo;est amplement m\u00e9rit\u00e9 !<\/p>\n<p>A noter qu&rsquo;il s&rsquo;agit de la 3\u00e8me r\u00e9compense obtenue par la Compagnie dans le cadre de ces troph\u00e9es.<\/p>\n<p><img loading=\"lazy\" decoding=\"async\" src=\"https:\/\/archers-odet.com\/WordPress-AO\/wp-content\/uploads\/2020\/08\/brigitte.jpg\" alt=\"\" width=\"270\" height=\"333\" class=\"aligncenter wp-image-5371 size-full\" srcset=\"https:\/\/archers-odet.com\/WordPress-AO\/wp-content\/uploads\/2020\/08\/brigitte.jpg 270w, https:\/\/archers-odet.com\/WordPress-AO\/wp-content\/uploads\/2020\/08\/brigitte-243x300.jpg 243w\" sizes=\"auto, (max-width: 270px) 100vw, 270px\" \/><\/p>\n","protected":false},"excerpt":{"rendered":"<p>Le 27 novembre 2015, lors de la c\u00e9r\u00e9monie des troph\u00e9es sportifs de la ville de Quimper, Brigitte NEDELEC, l&rsquo;infaillible secr\u00e9taire de la Compagnie des Archers de l&rsquo;Odet a \u00e9t\u00e9 r\u00e9compens\u00e9e pour son engagement au sein du club.<\/p>\n","protected":false},"author":1,"featured_media":0,"comment_status":"closed","ping_status":"closed","sticky":false,"template":"","format":"standard","meta":{"footnotes":""},"categories":[38],"tags":[214,95,213,178],"class_list":["post-4853","post","type-post","status-publish","format-standard","hentry","category-vie","tag-brigitte-nedelec","tag-quimper","tag-sport","tag-trophee"],"_links":{"self":[{"href":"https:\/\/archers-odet.com\/WordPress-AO\/wp-json\/wp\/v2\/posts\/4853","targetHints":{"allow":["GET"]}}],"collection":[{"href":"https:\/\/archers-odet.com\/WordPress-AO\/wp-json\/wp\/v2\/posts"}],"about":[{"href":"https:\/\/archers-odet.com\/WordPress-AO\/wp-json\/wp\/v2\/types\/post"}],"author":[{"embeddable":true,"href":"https:\/\/archers-odet.com\/WordPress-AO\/wp-json\/wp\/v2\/users\/1"}],"replies":[{"embeddable":true,"href":"https:\/\/archers-odet.com\/WordPress-AO\/wp-json\/wp\/v2\/comments?post=4853"}],"version-history":[{"count":2,"href":"https:\/\/archers-odet.com\/WordPress-AO\/wp-json\/wp\/v2\/posts\/4853\/revisions"}],"predecessor-version":[{"id":5716,"href":"https:\/\/archers-odet.com\/WordPress-AO\/wp-json\/wp\/v2\/posts\/4853\/revisions\/5716"}],"wp:attachment":[{"href":"https:\/\/archers-odet.com\/WordPress-AO\/wp-json\/wp\/v2\/media?parent=4853"}],"wp:term":[{"taxonomy":"category","embeddable":true,"href":"https:\/\/archers-odet.com\/WordPress-AO\/wp-json\/wp\/v2\/categories?post=4853"},{"taxonomy":"post_tag","embeddable":true,"href":"https:\/\/archers-odet.com\/WordPress-AO\/wp-json\/wp\/v2\/tags?post=4853"}],"curies":[{"name":"wp","href":"https:\/\/api.w.org\/{rel}","templated":true}]}}